[{"@context":"https:\/\/schema.org\/","@type":"Article","@id":"https:\/\/www.fuerte.cz\/strasak-studentu-vysoka-skola\/#Article","mainEntityOfPage":"https:\/\/www.fuerte.cz\/strasak-studentu-vysoka-skola\/","headline":"Stra\u0161\u00e1k student\u016f, vysok\u00e1 \u0161kola","name":"Stra\u0161\u00e1k student\u016f, vysok\u00e1 \u0161kola","description":"Vysok\u00e1 \u0161kola, sen t\u00e9m\u011b\u0159 ka\u017ed\u00e9ho studenta a kdy\u017e u\u017e ne studenta, tak jeho rodi\u010de. V...","datePublished":"2022-06-01","dateModified":"2023-05-09","author":{"@type":"Person","@id":"https:\/\/www.fuerte.cz\/author\/#Person","name":"","url":"https:\/\/www.fuerte.cz\/author\/","identifier":1,"image":{"@type":"ImageObject","@id":"https:\/\/secure.gravatar.com\/avatar\/96681f32407e92907e886055c80be666fea9980585e3d74d58609948dcc5acbb?s=96&d=mm&r=g","url":"https:\/\/secure.gravatar.com\/avatar\/96681f32407e92907e886055c80be666fea9980585e3d74d58609948dcc5acbb?s=96&d=mm&r=g","height":96,"width":96}},"publisher":{"@type":"Organization","name":"fuerte.cz","logo":{"@type":"ImageObject","@id":"\/logo.png","url":"\/logo.png","width":600,"height":60}},"image":{"@type":"ImageObject","@id":"https:\/\/www.fuerte.cz\/wp-content\/uploads\/Studium.jpeg","url":"https:\/\/www.fuerte.cz\/wp-content\/uploads\/Studium.jpeg","height":0,"width":0},"url":"https:\/\/www.fuerte.cz\/strasak-studentu-vysoka-skola\/","about":["Vzd\u011bl\u00e1n\u00ed\r"],"wordCount":384,"articleBody":"Vysok\u00e1 \u0161kola, sen t\u00e9m\u011b\u0159 ka\u017ed\u00e9ho studenta a kdy\u017e u\u017e ne studenta, tak jeho rodi\u010de. V dne\u0161n\u00ed dob\u011b jsme v\u0161ak pohlceni obrovsk\u00fdm shonem, ve kter\u00e9m m\u00e1me tis\u00edce mo\u017enost\u00ed. Stejn\u011b tak i v\u00fdb\u011br vysok\u00e9 \u0161koly, kter\u00fd je mnohdy obt\u00ed\u017en\u011bj\u0161\u00ed ne\u017e studium samotn\u00e9.Bude m\u011b ten obor bavit? Budu ho opravdu praktikovat v budoucnosti a je to to, \u010d\u00edm se chci \u017eivit? Zvl\u00e1dnu n\u00e1ro\u010dnost studia? Ot\u00e1zky, kter\u00e9 si klade nejeden student a obavy z cel\u00e9 t\u00e9 problematiky nejednou vedou k ukon\u010den\u00ed studia v\u016fbec. Nejlep\u0161\u00ed je v pr\u016fb\u011bhu st\u0159edn\u00ed \u0161koly vyhledat pomoc a to konkr\u00e9tn\u011b na veletrz\u00edch vysok\u00fdch \u0161kol, t\u0159eba na Gaudeamu.D\u00edky tomu, \u017ee se akce kon\u00e1 hned na dvou m\u00edstech \u010cesk\u00e9 Republiky a to v Brn\u011b a Praze, nemus\u00ed m\u00edt studenti obavu o obt\u00ed\u017enou dostupnost. Tento rok se kon\u00e1 Gaudeamus v Brn\u011b v listopadu a v Praze pot\u00e9 v lednu roku n\u00e1sleduj\u00edc\u00edho. Kdo by m\u011bl chu\u0165 zav\u00edtat na vysokou \u0161kolu na Slovensko, m\u016f\u017ee zajet na Gaudeamus do bl\u00edzk\u00e9 Bratislavy (v \u0159\u00edjnu) \u010di do vzd\u00e1len\u011bj\u0161\u00ed Nitry (v listopadu). Studium \u010desk\u00fdch student\u016f na slovensk\u00fdch univerzit\u00e1ch i slovensk\u00fdch student\u016f na t\u011bch \u010desk\u00fdch nen\u00ed v\u016fbec neobvykl\u00e9, pr\u00e1v\u011b naopak mnoho student\u016f vol\u00ed zaj\u00edmav\u011bj\u0161\u00ed variantu v jin\u00e9 zemi.Tento rok se jedn\u00e1 u\u017e od dvac\u00e1t\u00fd p\u00e1t\u00fd ro\u010dn\u00edk evropsk\u00e9ho veletrhu nejenom pomaturitn\u00edho vzd\u011bl\u00e1v\u00e1n\u00ed, ale tak\u00e9 celo\u017eivotn\u00edho vzd\u011bl\u00e1v\u00e1n\u00ed. Vhodn\u00e9 je to tedy i pro absolventy vysok\u00fdch \u0161kol.V seznamu \u0161kol se bezpochyby nach\u00e1z\u00ed i \u0161koly soukrom\u00e9, cizojazy\u010dn\u00e9 \u010di \u0161koly s v\u00fdm\u011bnn\u00fdm programem. Se studiem v ciz\u00ed zemi zajist\u00e9 pom\u016f\u017ee jedna z mnoha agentur jako je nap\u0159\u00edklad I-STUDY. Mezi soukrom\u00fdmi \u0161kolami nesm\u00ed chyb\u011bt snad nejzn\u00e1m\u011bj\u0161\u00ed AMBIS a mezi cizojazy\u010dn\u00fdmi pra\u017esk\u00fd AKCENT.Student si na akci nevyb\u00edr\u00e1 pouze \u0161kolu, ale tak\u00e9 obor, kter\u00fd je prezentov\u00e1n studenty on\u011bch \u0161kol. Jak\u00e9koli dotazy zodpov\u00ed a je\u0161t\u011b k tomu p\u0159edstav\u00ed zaj\u00edmav\u00fd program, kter\u00fd je uskute\u010dn\u011bn dle volby jejich oboru.                                                                                                                                                                                                                                                                                                                                                                                        4.5\/5 - (8 votes)        "},{"@context":"https:\/\/schema.org\/","@type":"BreadcrumbList","itemListElement":[{"@type":"ListItem","position":1,"name":"Stra\u0161\u00e1k student\u016f, vysok\u00e1 \u0161kola","item":"https:\/\/www.fuerte.cz\/strasak-studentu-vysoka-skola\/#breadcrumbitem"}]}]