[{"@context":"https:\/\/schema.org\/","@type":"Blog","@id":"https:\/\/www.fuerte.cz#Blog","headline":"Fuerte","description":"\nVid\u00edte na ka\u017ed\u00e9m kroku z\u00e1sadn\u011b jen to \u0161patn\u00e9? Pak zkuste zav\u00edtat na na\u0161i internetovou str\u00e1nku, kde v\u00e1m pro zm\u011bnu uk\u00e1\u017eeme jen to nesporn\u011b kr\u00e1sn\u00e9.","url":"https:\/\/www.fuerte.cz","hasPart":[{"@type":"Article","@id":"https:\/\/www.fuerte.cz\/zvyste-si-imunitu\/","headline":"Zvy\u0161te si imunitu","url":"https:\/\/www.fuerte.cz\/zvyste-si-imunitu\/","datePublished":"2025-02-18","dateModified":"2025-02-18","mainEntityOfPage":"https:\/\/www.fuerte.cz\/zvyste-si-imunitu\/","author":{"@type":"Person","@id":"https:\/\/www.fuerte.cz\/author\/#Person","name":"","url":"https:\/\/www.fuerte.cz\/author\/","identifier":1,"image":{"@type":"ImageObject","@id":"https:\/\/secure.gravatar.com\/avatar\/96681f32407e92907e886055c80be666fea9980585e3d74d58609948dcc5acbb?s=96&d=mm&r=g","url":"https:\/\/secure.gravatar.com\/avatar\/96681f32407e92907e886055c80be666fea9980585e3d74d58609948dcc5acbb?s=96&d=mm&r=g","height":96,"width":96}},"publisher":{"@type":"Organization","name":"fuerte.cz","logo":{"@type":"ImageObject","@id":"\/logo.png","url":"\/logo.png","width":600,"height":60}},"image":{"@type":"ImageObject","@id":"https:\/\/www.fuerte.cz\/wp-content\/uploads\/tea-2356770_640_8.jpg","url":"https:\/\/www.fuerte.cz\/wp-content\/uploads\/tea-2356770_640_8.jpg","height":0,"width":0},"wordCount":520,"keywords":null},{"@type":"Article","@id":"https:\/\/www.fuerte.cz\/myslime-i-na-starsi-generaci\/","headline":"Mysl\u00edme i na star\u0161\u00ed generaci","url":"https:\/\/www.fuerte.cz\/myslime-i-na-starsi-generaci\/","datePublished":"2025-02-17","dateModified":"2025-02-17","mainEntityOfPage":"https:\/\/www.fuerte.cz\/myslime-i-na-starsi-generaci\/","author":{"@type":"Person","@id":"https:\/\/www.fuerte.cz\/author\/#Person","name":"","url":"https:\/\/www.fuerte.cz\/author\/","identifier":1,"image":{"@type":"ImageObject","@id":"https:\/\/secure.gravatar.com\/avatar\/96681f32407e92907e886055c80be666fea9980585e3d74d58609948dcc5acbb?s=96&d=mm&r=g","url":"https:\/\/secure.gravatar.com\/avatar\/96681f32407e92907e886055c80be666fea9980585e3d74d58609948dcc5acbb?s=96&d=mm&r=g","height":96,"width":96}},"publisher":{"@type":"Organization","name":"fuerte.cz","logo":{"@type":"ImageObject","@id":"\/logo.png","url":"\/logo.png","width":600,"height":60}},"image":null,"wordCount":219,"keywords":null},{"@type":"Article","@id":"https:\/\/www.fuerte.cz\/italske-topy\/","headline":"Italsk\u00e9 topy","url":"https:\/\/www.fuerte.cz\/italske-topy\/","datePublished":"2025-02-11","dateModified":"2025-02-11","mainEntityOfPage":"https:\/\/www.fuerte.cz\/italske-topy\/","author":{"@type":"Person","@id":"https:\/\/www.fuerte.cz\/author\/#Person","name":"","url":"https:\/\/www.fuerte.cz\/author\/","identifier":1,"image":{"@type":"ImageObject","@id":"https:\/\/secure.gravatar.com\/avatar\/96681f32407e92907e886055c80be666fea9980585e3d74d58609948dcc5acbb?s=96&d=mm&r=g","url":"https:\/\/secure.gravatar.com\/avatar\/96681f32407e92907e886055c80be666fea9980585e3d74d58609948dcc5acbb?s=96&d=mm&r=g","height":96,"width":96}},"publisher":{"@type":"Organization","name":"fuerte.cz","logo":{"@type":"ImageObject","@id":"\/logo.png","url":"\/logo.png","width":600,"height":60}},"image":null,"wordCount":231,"keywords":null},{"@type":"Article","@id":"https:\/\/www.fuerte.cz\/setrete-diky-novym-oknum\/","headline":"\u0160et\u0159ete d\u00edky nov\u00fdm okn\u016fm","url":"https:\/\/www.fuerte.cz\/setrete-diky-novym-oknum\/","datePublished":"2025-02-07","dateModified":"2025-02-07","mainEntityOfPage":"https:\/\/www.fuerte.cz\/setrete-diky-novym-oknum\/","author":{"@type":"Person","@id":"https:\/\/www.fuerte.cz\/author\/#Person","name":"","url":"https:\/\/www.fuerte.cz\/author\/","identifier":1,"image":{"@type":"ImageObject","@id":"https:\/\/secure.gravatar.com\/avatar\/96681f32407e92907e886055c80be666fea9980585e3d74d58609948dcc5acbb?s=96&d=mm&r=g","url":"https:\/\/secure.gravatar.com\/avatar\/96681f32407e92907e886055c80be666fea9980585e3d74d58609948dcc5acbb?s=96&d=mm&r=g","height":96,"width":96}},"publisher":{"@type":"Organization","name":"fuerte.cz","logo":{"@type":"ImageObject","@id":"\/logo.png","url":"\/logo.png","width":600,"height":60}},"image":null,"wordCount":215,"keywords":null},{"@type":"Article","@id":"https:\/\/www.fuerte.cz\/zadne-nehody\/","headline":"\u017d\u00e1dn\u00e9 nehody","url":"https:\/\/www.fuerte.cz\/zadne-nehody\/","datePublished":"2025-01-28","dateModified":"2025-01-28","mainEntityOfPage":"https:\/\/www.fuerte.cz\/zadne-nehody\/","author":{"@type":"Person","@id":"https:\/\/www.fuerte.cz\/author\/#Person","name":"","url":"https:\/\/www.fuerte.cz\/author\/","identifier":1,"image":{"@type":"ImageObject","@id":"https:\/\/secure.gravatar.com\/avatar\/96681f32407e92907e886055c80be666fea9980585e3d74d58609948dcc5acbb?s=96&d=mm&r=g","url":"https:\/\/secure.gravatar.com\/avatar\/96681f32407e92907e886055c80be666fea9980585e3d74d58609948dcc5acbb?s=96&d=mm&r=g","height":96,"width":96}},"publisher":{"@type":"Organization","name":"fuerte.cz","logo":{"@type":"ImageObject","@id":"\/logo.png","url":"\/logo.png","width":600,"height":60}},"image":null,"wordCount":235,"keywords":null},{"@type":"Article","@id":"https:\/\/www.fuerte.cz\/moderni-nebo-klasicke\/","headline":"Modern\u00ed nebo klasick\u00e9","url":"https:\/\/www.fuerte.cz\/moderni-nebo-klasicke\/","datePublished":"2025-01-21","dateModified":"2025-01-21","mainEntityOfPage":"https:\/\/www.fuerte.cz\/moderni-nebo-klasicke\/","author":{"@type":"Person","@id":"https:\/\/www.fuerte.cz\/author\/#Person","name":"","url":"https:\/\/www.fuerte.cz\/author\/","identifier":1,"image":{"@type":"ImageObject","@id":"https:\/\/secure.gravatar.com\/avatar\/96681f32407e92907e886055c80be666fea9980585e3d74d58609948dcc5acbb?s=96&d=mm&r=g","url":"https:\/\/secure.gravatar.com\/avatar\/96681f32407e92907e886055c80be666fea9980585e3d74d58609948dcc5acbb?s=96&d=mm&r=g","height":96,"width":96}},"publisher":{"@type":"Organization","name":"fuerte.cz","logo":{"@type":"ImageObject","@id":"\/logo.png","url":"\/logo.png","width":600,"height":60}},"image":null,"wordCount":242,"keywords":null},{"@type":"Article","@id":"https:\/\/www.fuerte.cz\/morska-sul-nad-zlato\/","headline":"Mo\u0159sk\u00e1 s\u016fl nad zlato","url":"https:\/\/www.fuerte.cz\/morska-sul-nad-zlato\/","datePublished":"2025-01-18","dateModified":"2025-01-18","mainEntityOfPage":"https:\/\/www.fuerte.cz\/morska-sul-nad-zlato\/","author":{"@type":"Person","@id":"https:\/\/www.fuerte.cz\/author\/#Person","name":"","url":"https:\/\/www.fuerte.cz\/author\/","identifier":1,"image":{"@type":"ImageObject","@id":"https:\/\/secure.gravatar.com\/avatar\/96681f32407e92907e886055c80be666fea9980585e3d74d58609948dcc5acbb?s=96&d=mm&r=g","url":"https:\/\/secure.gravatar.com\/avatar\/96681f32407e92907e886055c80be666fea9980585e3d74d58609948dcc5acbb?s=96&d=mm&r=g","height":96,"width":96}},"publisher":{"@type":"Organization","name":"fuerte.cz","logo":{"@type":"ImageObject","@id":"\/logo.png","url":"\/logo.png","width":600,"height":60}},"image":{"@type":"ImageObject","@id":"https:\/\/www.fuerte.cz\/wp-content\/uploads\/salt-9090374_640.jpg","url":"https:\/\/www.fuerte.cz\/wp-content\/uploads\/salt-9090374_640.jpg","height":0,"width":0},"wordCount":647,"keywords":null},{"@type":"Article","@id":"https:\/\/www.fuerte.cz\/wellness-sumava\/","headline":"Wellness \u0160umava","url":"https:\/\/www.fuerte.cz\/wellness-sumava\/","datePublished":"2025-01-18","dateModified":"2025-01-18","mainEntityOfPage":"https:\/\/www.fuerte.cz\/wellness-sumava\/","author":{"@type":"Person","@id":"https:\/\/www.fuerte.cz\/author\/#Person","name":"","url":"https:\/\/www.fuerte.cz\/author\/","identifier":1,"image":{"@type":"ImageObject","@id":"https:\/\/secure.gravatar.com\/avatar\/96681f32407e92907e886055c80be666fea9980585e3d74d58609948dcc5acbb?s=96&d=mm&r=g","url":"https:\/\/secure.gravatar.com\/avatar\/96681f32407e92907e886055c80be666fea9980585e3d74d58609948dcc5acbb?s=96&d=mm&r=g","height":96,"width":96}},"publisher":{"@type":"Organization","name":"fuerte.cz","logo":{"@type":"ImageObject","@id":"\/logo.png","url":"\/logo.png","width":600,"height":60}},"image":null,"wordCount":218,"keywords":null},{"@type":"Article","@id":"https:\/\/www.fuerte.cz\/pronajem-leseni-pro-obcasne-stavebni-akce\/","headline":"Pron\u00e1jem le\u0161en\u00ed pro ob\u010dasn\u00e9 stavebn\u00ed akce","url":"https:\/\/www.fuerte.cz\/pronajem-leseni-pro-obcasne-stavebni-akce\/","datePublished":"2025-01-14","dateModified":"2025-01-14","mainEntityOfPage":"https:\/\/www.fuerte.cz\/pronajem-leseni-pro-obcasne-stavebni-akce\/","author":{"@type":"Person","@id":"https:\/\/www.fuerte.cz\/author\/#Person","name":"","url":"https:\/\/www.fuerte.cz\/author\/","identifier":1,"image":{"@type":"ImageObject","@id":"https:\/\/secure.gravatar.com\/avatar\/96681f32407e92907e886055c80be666fea9980585e3d74d58609948dcc5acbb?s=96&d=mm&r=g","url":"https:\/\/secure.gravatar.com\/avatar\/96681f32407e92907e886055c80be666fea9980585e3d74d58609948dcc5acbb?s=96&d=mm&r=g","height":96,"width":96}},"publisher":{"@type":"Organization","name":"fuerte.cz","logo":{"@type":"ImageObject","@id":"\/logo.png","url":"\/logo.png","width":600,"height":60}},"image":{"@type":"ImageObject","@id":"https:\/\/www.fuerte.cz\/wp-content\/uploads\/pexels-joshsorenson-154141_4.jpg","url":"https:\/\/www.fuerte.cz\/wp-content\/uploads\/pexels-joshsorenson-154141_4.jpg","height":0,"width":0},"wordCount":642,"keywords":null},{"@type":"Article","@id":"https:\/\/www.fuerte.cz\/autosklo-praha\/","headline":"Autosklo Praha","url":"https:\/\/www.fuerte.cz\/autosklo-praha\/","datePublished":"2025-01-09","dateModified":"2025-01-09","mainEntityOfPage":"https:\/\/www.fuerte.cz\/autosklo-praha\/","author":{"@type":"Person","@id":"https:\/\/www.fuerte.cz\/author\/#Person","name":"","url":"https:\/\/www.fuerte.cz\/author\/","identifier":1,"image":{"@type":"ImageObject","@id":"https:\/\/secure.gravatar.com\/avatar\/96681f32407e92907e886055c80be666fea9980585e3d74d58609948dcc5acbb?s=96&d=mm&r=g","url":"https:\/\/secure.gravatar.com\/avatar\/96681f32407e92907e886055c80be666fea9980585e3d74d58609948dcc5acbb?s=96&d=mm&r=g","height":96,"width":96}},"publisher":{"@type":"Organization","name":"fuerte.cz","logo":{"@type":"ImageObject","@id":"\/logo.png","url":"\/logo.png","width":600,"height":60}},"image":null,"wordCount":216,"keywords":null}]},{"@context":"https:\/\/schema.org","@type":"WebSite","@id":"https:\/\/www.fuerte.cz\/#website","name":"Fuerte","url":"https:\/\/www.fuerte.cz","potentialAction":{"@type":"SearchAction","target":"https:\/\/www.fuerte.cz\/?s={search_term_string}","query-input":"required name=search_term_string"}}]