[{"@context":"https:\/\/schema.org\/","@type":"Article","@id":"https:\/\/www.fuerte.cz\/myslime-i-na-starsi-generaci\/#Article","mainEntityOfPage":"https:\/\/www.fuerte.cz\/myslime-i-na-starsi-generaci\/","headline":"Mysl\u00edme i na star\u0161\u00ed generaci","name":"Mysl\u00edme i na star\u0161\u00ed generaci","description":"Dnes je zcela b\u011b\u017en\u00e9, \u017ee lid\u00e9 maj\u00ed doma po\u010d\u00edta\u010d. Rozhodn\u011b bychom asi st\u011b\u017e\u00ed hledali dom\u00e1cnost,...","datePublished":"2025-02-17","dateModified":"2025-02-17","author":{"@type":"Person","@id":"https:\/\/www.fuerte.cz\/author\/#Person","name":"","url":"https:\/\/www.fuerte.cz\/author\/","identifier":1,"image":{"@type":"ImageObject","@id":"https:\/\/secure.gravatar.com\/avatar\/96681f32407e92907e886055c80be666fea9980585e3d74d58609948dcc5acbb?s=96&d=mm&r=g","url":"https:\/\/secure.gravatar.com\/avatar\/96681f32407e92907e886055c80be666fea9980585e3d74d58609948dcc5acbb?s=96&d=mm&r=g","height":96,"width":96}},"publisher":{"@type":"Organization","name":"fuerte.cz","logo":{"@type":"ImageObject","@id":"\/logo.png","url":"\/logo.png","width":600,"height":60}},"url":"https:\/\/www.fuerte.cz\/myslime-i-na-starsi-generaci\/","wordCount":170,"articleBody":"Dnes je zcela b\u011b\u017en\u00e9, \u017ee lid\u00e9 maj\u00ed doma po\u010d\u00edta\u010d. Rozhodn\u011b bychom asi st\u011b\u017e\u00ed hledali dom\u00e1cnost, kde nen\u00ed jedin\u00fd z\u00e1stupce modern\u00edch technologi\u00ed. Pochopiteln\u011b tedy i v\u0161echny informace o na\u0161ich prodejn\u00e1ch naleznete na p\u0159\u00edslu\u0161n\u00e9 webov\u00e9 adrese. Ale p\u0159esto nezavrhujeme klasick\u00e9 podoby sd\u011blov\u00e1n\u00ed informac\u00ed, nap\u0159\u00edklad let\u00e1k Penny v pap\u00edrov\u00e9 podob\u011b, kter\u00fd je s \u017eeleznou pravidelnost\u00ed doru\u010dov\u00e1ny do v\u0161ech po\u0161tovn\u00edch schr\u00e1nek.V\u0161ude s sebouA\u0165 si \u0159\u00edk\u00e1, kdo chce, co chce, let\u00e1k Penny v pap\u00edrov\u00e9 form\u011b m\u00e1 oproti t\u00e9 elektronick\u00e9 \u0159adu nesporn\u00fdch v\u00fdhod. P\u0159edev\u0161\u00edm je to informace, kterou V\u00e1m dod\u00e1me bez Va\u0161\u00ed iniciativy. Ruku na srdce, by\u0165 V\u00e1s to zaj\u00edm\u00e1, vzpomenete si skute\u010dn\u011b dvakr\u00e1t t\u00fddn\u011b, abyste zapnuli po\u010d\u00edta\u010d a hledali n\u00e1\u0161 let\u00e1k? A od toho jsme tu my, doru\u010d\u00edme V\u00e1m jej do schr\u00e1nky a tak jej m\u00e1te p\u0159\u00edmo p\u0159ed sebou.                                                                                                                                                                                                                                                                                                                                                                                                "},{"@context":"https:\/\/schema.org\/","@type":"BreadcrumbList","itemListElement":[{"@type":"ListItem","position":1,"name":"Mysl\u00edme i na star\u0161\u00ed generaci","item":"https:\/\/www.fuerte.cz\/myslime-i-na-starsi-generaci\/#breadcrumbitem"}]}]