[{"@context":"https:\/\/schema.org\/","@type":"Article","@id":"https:\/\/www.fuerte.cz\/moderni-nebo-klasicke\/#Article","mainEntityOfPage":"https:\/\/www.fuerte.cz\/moderni-nebo-klasicke\/","headline":"Modern\u00ed nebo klasick\u00e9","name":"Modern\u00ed nebo klasick\u00e9","description":"Kdo by necht\u011bl m\u00edt neust\u00e1le nov\u00fd n\u00e1bytek, kter\u00fd by doslova d\u00fdchal sv\u011b\u017eest\u00ed a z\u00e1\u0159il do...","datePublished":"2025-01-21","dateModified":"2025-01-21","author":{"@type":"Person","@id":"https:\/\/www.fuerte.cz\/author\/#Person","name":"","url":"https:\/\/www.fuerte.cz\/author\/","identifier":1,"image":{"@type":"ImageObject","@id":"https:\/\/secure.gravatar.com\/avatar\/96681f32407e92907e886055c80be666fea9980585e3d74d58609948dcc5acbb?s=96&d=mm&r=g","url":"https:\/\/secure.gravatar.com\/avatar\/96681f32407e92907e886055c80be666fea9980585e3d74d58609948dcc5acbb?s=96&d=mm&r=g","height":96,"width":96}},"publisher":{"@type":"Organization","name":"fuerte.cz","logo":{"@type":"ImageObject","@id":"\/logo.png","url":"\/logo.png","width":600,"height":60}},"url":"https:\/\/www.fuerte.cz\/moderni-nebo-klasicke\/","wordCount":195,"articleBody":"Kdo by necht\u011bl m\u00edt neust\u00e1le nov\u00fd n\u00e1bytek, kter\u00fd by doslova d\u00fdchal sv\u011b\u017eest\u00ed a z\u00e1\u0159il do okol\u00ed svou novotou? V\u0161ichni bychom to tak cht\u011bli m\u00edt, \u017ee? Ale jak toho doc\u00edlit? Jde to i jinak ne\u017e neust\u00e1l\u00fdm kupov\u00e1n\u00edm nov\u00e9ho n\u00e1bytku, co\u017e se m\u016f\u017ee hodn\u011b prodra\u017eit&#8230; Jde to! p\u0159es potahov\u00e9 l\u00e1tky toho doc\u00edl\u00edte i Vy!Uvid\u00edte, \u017ee je to v podstat\u011b velice jednoduch\u00e9. Jak u\u017e to tak\u00e9 u chytr\u00fdch \u0159e\u0161en\u00ed b\u00fdv\u00e1 dobr\u00fdm zvykem&#8230; Nakupte kvalitn\u00ed potahov\u00e9 l\u00e1tky a nechte si zrenovovat nap\u0159\u00edklad starou sedac\u00ed soupravu v ob\u00fdvac\u00edm pokoji \u010di k\u0159eslo v pracovn\u011b. Uvid\u00edte, \u017ee n\u00e1bytek pak bude z\u00e1\u0159it jako nov\u00fd&#8230;Kvalita se nezap\u0159eKvalita se nezap\u0159e a plat\u00ed to samoz\u0159ejm\u011b i v p\u0159\u00edpad\u011b potahov\u00e9 l\u00e1tky. Ale nemus\u00edme hned hledat to nejdra\u017e\u0161\u00ed, co je na trhu k dispozici. Mus\u00edme si zvolit optim\u00e1ln\u00ed pom\u011br mezi cenou a kvalitou, proto\u017ee to nejdra\u017e\u0161\u00ed nemus\u00ed b\u00fdt z\u00e1rove\u0148 to nejkvalitn\u011bj\u0161\u00ed&#8230; Investujme chyt\u0159e!                                                                                                                                                                                                                                                                                                                                                                                        4.2\/5 - (4 votes)        "},{"@context":"https:\/\/schema.org\/","@type":"BreadcrumbList","itemListElement":[{"@type":"ListItem","position":1,"name":"Modern\u00ed nebo klasick\u00e9","item":"https:\/\/www.fuerte.cz\/moderni-nebo-klasicke\/#breadcrumbitem"}]}]