[{"@context":"https:\/\/schema.org\/","@type":"Article","@id":"https:\/\/www.fuerte.cz\/doplnek-pro-kazdodenni-pouziti\/#Article","mainEntityOfPage":"https:\/\/www.fuerte.cz\/doplnek-pro-kazdodenni-pouziti\/","headline":"Dopln\u011bk pro ka\u017edodenn\u00ed pou\u017eit\u00ed","name":"Dopln\u011bk pro ka\u017edodenn\u00ed pou\u017eit\u00ed","description":"Bez kabelky se nehneme z domu. Pot\u0159ebujeme si jako \u017eeny s sebou vz\u00edt minim\u00e1ln\u011b pen\u011b\u017eenku,...","datePublished":"2022-03-28","dateModified":"2023-05-09","author":{"@type":"Person","@id":"https:\/\/www.fuerte.cz\/author\/#Person","name":"","url":"https:\/\/www.fuerte.cz\/author\/","identifier":1,"image":{"@type":"ImageObject","@id":"https:\/\/secure.gravatar.com\/avatar\/96681f32407e92907e886055c80be666fea9980585e3d74d58609948dcc5acbb?s=96&d=mm&r=g","url":"https:\/\/secure.gravatar.com\/avatar\/96681f32407e92907e886055c80be666fea9980585e3d74d58609948dcc5acbb?s=96&d=mm&r=g","height":96,"width":96}},"publisher":{"@type":"Organization","name":"fuerte.cz","logo":{"@type":"ImageObject","@id":"\/logo.png","url":"\/logo.png","width":600,"height":60}},"image":{"@type":"ImageObject","@id":"https:\/\/www.fuerte.cz\/wp-content\/uploads\/pexels-matheus-brazza-11128833.jpg","url":"https:\/\/www.fuerte.cz\/wp-content\/uploads\/pexels-matheus-brazza-11128833.jpg","height":0,"width":0},"url":"https:\/\/www.fuerte.cz\/doplnek-pro-kazdodenni-pouziti\/","about":["N\u00e1kupy"],"wordCount":410,"articleBody":"    Bez kabelky se nehneme z domu. Pot\u0159ebujeme si jako \u017eeny s sebou vz\u00edt minim\u00e1ln\u011b pen\u011b\u017eenku, kl\u00ed\u010de od domu, doklady, kapesn\u00ed\u010dky, vo\u0148avku a l\u00ed\u010den\u00ed. Kabelek je na sv\u011bte mnoho, ale po kvalitn\u00edch kabelk\u00e1ch se \u010dlov\u011bk mus\u00ed opravdu dob\u0159e rozhl\u00ed\u017eet. D\u00e1msk\u00e9 kvalitn\u00ed ko\u017een\u00e9 kabelky se daj\u00ed nal\u00e9zt t\u011b\u017eko, proto se v\u017edy pod\u00edvejte, zda je kabelka opravdu z kvalitn\u00edch materi\u00e1l\u016f zhotovena.Do kabelky ukl\u00e1d\u00e1me mnoho v\u011bc\u00ed, tak si nezapome\u0148te prohl\u00e9dnout p\u0159ed koup\u00ed i vnit\u0159ek a p\u0159\u00edpadn\u011b i jej\u00ed m\u00edry. N\u011bkdo m\u00e1 rad\u011bji men\u0161\u00ed kabelky a n\u011bkdo miluje prostorn\u00e9 kabelky. Italsk\u00e1 k\u016f\u017ee je \u00fa\u017easn\u00e1 a jej\u00ed v\u016fn\u011b je ohromuj\u00edc\u00ed. D\u00e1my, milujeme tuto v\u016fni, nen\u00ed tomu tak?Kabelky si m\u016f\u017eete po\u0159\u00eddit v klasick\u00e9 \u010dern\u00e9 barv\u011b, kter\u00e1 se hod\u00ed prakticky k jak\u00e9mukoliv oble\u010den\u00ed si zvol\u00edte. Nicm\u00e9n\u011b je tu mnoho barvi\u010dek, ve kter\u00e9m si tento u\u017eite\u010dn\u00fd dopln\u011bk m\u016f\u017eete tak\u00e9 z\u0159\u00eddit. Nebojme se barev. Um\u00edme p\u0159eci sladit v\u0161echno. Uzav\u00edr\u00e1n\u00ed kabelek m\u016f\u017eeme m\u00edt bu\u010f na klasick\u00fd zip, magnetick\u00fd cvo\u010dek \u010di jin\u00fd uzav\u00edrateln\u00fd patentek. Ucho od kabelek si lze u n\u011bkter\u00fdch i vym\u011bnit, pokud se n\u00e1m nel\u00edb\u00ed barva, tvar \u010di n\u011bjak\u00fd detail. U t\u011bch, kter\u00fd to nejde, se d\u00edv\u00e1me i na detaily, abychom byli spokojen\u00e9 kompletn\u011b. M\u016f\u017ee se jednat o \u0159et\u00edzkov\u00e9 ou\u0161ka p\u0159es rameno, klasick\u00e9 z k\u016f\u017ee anebo celkov\u011b bez nich.Pokud chcete n\u011bkoho obdarovat, ale nejste si jisti, co by se darovan\u00e9mu l\u00edbilo, zkuste se poohl\u00e9dnout v t\u00e9to sf\u00e9\u0159e n\u00e1kup\u016f. Kr\u00e1snou kabelkou nikdy nikoho neuraz\u00edte a kdyby p\u0159eci jenom ano, lh\u016fta na vr\u00e1cen\u00ed v\u00fdrobk\u016f je na e-shopech b\u011b\u017en\u00e1. Sta\u010d\u00ed zabalit, poslat zp\u011bt a vym\u011bnit za kousek, kter\u00fd by padl obdarovan\u00e9mu do oka v\u00edce. Poj\u010fme si vybavit \u0161atn\u00edk a dopl\u0148ky tak, abychom se c\u00edtili je\u0161t\u011b l\u00e9pe. \u0158\u00edk\u00e1 se, \u017ee koup\u011b nov\u00e9 v\u011bci n\u00e1m rozz\u00e1\u0159\u00ed v\u017edy \u00fasm\u011bv na tv\u00e1\u0159i, tak\u017ee pokud chcete radost rozd\u00e1vat i d\u00e1le \u2013 nakupujte na jistotu. Kter\u00e1 kabelka je pr\u00e1v\u011b ta Va\u0161e srde\u010dn\u00ed z\u00e1le\u017eitost?                                                                                                                                                                                                                                                                                                                                                                                         4\/5 - (1 vote)        "},{"@context":"https:\/\/schema.org\/","@type":"BreadcrumbList","itemListElement":[{"@type":"ListItem","position":1,"name":"Dopln\u011bk pro ka\u017edodenn\u00ed pou\u017eit\u00ed","item":"https:\/\/www.fuerte.cz\/doplnek-pro-kazdodenni-pouziti\/#breadcrumbitem"}]}]