[{"@context":"https:\/\/schema.org\/","@type":"Article","@id":"https:\/\/www.fuerte.cz\/cesty-konci-vselijak\/#Article","mainEntityOfPage":"https:\/\/www.fuerte.cz\/cesty-konci-vselijak\/","headline":"Cesty kon\u010d\u00ed v\u0161elijak","name":"Cesty kon\u010d\u00ed v\u0161elijak","description":"U\u017e od po\u010d\u00e1tku koronavirov\u00e9 pandemie n\u00e1m ti na ministerstvu zdravotnictv\u00ed doporu\u010dovali nechat se o\u010dkovat proti...","datePublished":"2022-04-16","dateModified":"2023-05-09","author":{"@type":"Person","@id":"https:\/\/www.fuerte.cz\/author\/#Person","name":"","url":"https:\/\/www.fuerte.cz\/author\/","identifier":1,"image":{"@type":"ImageObject","@id":"https:\/\/secure.gravatar.com\/avatar\/96681f32407e92907e886055c80be666fea9980585e3d74d58609948dcc5acbb?s=96&d=mm&r=g","url":"https:\/\/secure.gravatar.com\/avatar\/96681f32407e92907e886055c80be666fea9980585e3d74d58609948dcc5acbb?s=96&d=mm&r=g","height":96,"width":96}},"publisher":{"@type":"Organization","name":"fuerte.cz","logo":{"@type":"ImageObject","@id":"\/logo.png","url":"\/logo.png","width":600,"height":60}},"image":{"@type":"ImageObject","@id":"https:\/\/www.fuerte.cz\/wp-content\/uploads\/dopravn%C3%AD%20letadlo.png","url":"https:\/\/www.fuerte.cz\/wp-content\/uploads\/dopravn%C3%AD%20letadlo.png","height":0,"width":0},"url":"https:\/\/www.fuerte.cz\/cesty-konci-vselijak\/","about":["Cestov\u00e1n\u00ed"],"wordCount":497,"articleBody":"U\u017e od po\u010d\u00e1tku koronavirov\u00e9 pandemie n\u00e1m ti na ministerstvu zdravotnictv\u00ed doporu\u010dovali nechat se o\u010dkovat proti koronaviru, jakmile to jenom bude mo\u017en\u00e9. A z\u00e1jem o toto o\u010dkov\u00e1n\u00ed ur\u010dit\u011b vyvolali. V\u00a0prvn\u00ed etap\u011b se lid\u00e9 ochotn\u011b registrovali a n\u011bkdy dokonce i proti v\u0161em pravidl\u016fm p\u0159edb\u00edhali, co\u017e t\u0159eba st\u00e1lo minim\u00e1ln\u011b jednoho politika s\u00a0rodinou pov\u011bst a jednoho \u0159editele nemocnice m\u00edsto. Jenom co v\u00edm.Ale pak se prost\u011b za\u010dali tam naho\u0159e chovat tak, jak to v\u0161ichni zn\u00e1me, za\u010dalo zpochyb\u0148ov\u00e1n\u00ed a narostl i po\u010det t\u011bch, kdo by se sice o\u010dkovat mohli, ale nenechali se a nikdy z\u0159ejm\u011b ani nenechaj\u00ed. Nic je nedok\u00e1zalo ovlivnit, ani pomysln\u00fd cukr, ani bi\u010d.Nakonec jsme tu pandemii (prozat\u00edm?) n\u011bjak zvl\u00e1dli. A letos u\u017e se tedy zase sm\u00ed kone\u010dn\u011b i cestovat. A to dokonce i bez toho, \u017ee by se musely p\u0159edkl\u00e1dat doklady o onom o\u010dkov\u00e1n\u00ed nebo podstupovat PCR testy. Jsme toto l\u00e9to prost\u011b skoro neomezen\u00ed.A tak jsem i j\u00e1 odlet\u011bl. S\u00a0Lufthansou do jedn\u00e9 vzd\u00e1len\u00e9 zem\u011b, kde jsou na tom v\u00a0tuto chv\u00edli s\u00a0po\u010dty naka\u017een\u00fdch t\u0159in\u00e1ctkr\u00e1t l\u00e9pe ne\u017e u n\u00e1s, a to je jich navrch \u0161estkr\u00e1t v\u00edce. Tak\u017ee do je\u0161t\u011b daleko bezpe\u010dn\u011bj\u0161\u00ed zem\u011b, co se rizika n\u00e1kazy t\u00fdk\u00e1. A jedin\u00fdm omezen\u00edm, kter\u00e9 jsem do ur\u010dit\u00e9 m\u00edry t\u011b\u017ece nesl, byla povinnost m\u00edt v\u00a0letadlech Lufthansy b\u011bhem cesty rou\u0161ku nebo respir\u00e1tor. Tedy \u201adusit se\u2018 po dlouh\u00e9 hodiny.Ov\u0161em jak se uk\u00e1zalo, nebylo to opat\u0159en\u00ed zase a\u017e tak od v\u011bci. I kdy\u017e to nebylo ani nic dokonal\u00e9ho, proto\u017ee kdy\u017e se jedlo, pilo a podobn\u011b, ona ochrana se sundat sm\u011bla, a byly tu i d\u011bti zpro\u0161t\u011bn\u00e9 zcela t\u00e9to povinnosti.V\u00fdsledek? Pravd\u011bpodobn\u011b z\u00a0letu zp\u011bt dom\u016f jsem si p\u0159ivezl i suven\u00fdr, o kter\u00fd se nestoj\u00ed. Pr\u00e1v\u011b koronavirus. A pr\u00e1v\u011b a p\u0159edev\u0161\u00edm od t\u00e9to chv\u00edle jsem si zase za\u010dal do jist\u00e9 m\u00edry v\u00e1\u017eit rozhodnut\u00ed na\u0161eho d\u0159\u00edv\u011bj\u0161\u00edho ministerstva zdravotnictv\u00ed. Proto\u017ee m\u00e9mu n\u00e1vratu n\u00e1sledovala dvoudenn\u00ed \u201ar\u00fdmi\u010dka\u2018. Banalita, kter\u00e1 jak p\u0159i\u0161la, tak i rychle ode\u0161la. Bez probl\u00e9m\u016f. Dva trochu nep\u0159\u00edjemn\u011b str\u00e1ven\u00e9 dni, jedna \u010d\u00e1rka na testu nav\u00edc, to\u0165 v\u0161e. Inu, Pfizer zapracoval.A i kdy\u017e nem\u00edn\u00edm nikomu nic vnucovat, p\u0159esto bych cestovatel\u016fm ono o\u010dkov\u00e1n\u00ed r\u00e1d znovu doporu\u010dil, pokud ho dosud neabsolvovali. Proto\u017ee lze koronavir zjevn\u011b chytit i s\u00a0rou\u0161kou v\u00a0letadle. A je lep\u0161\u00ed jako j\u00e1 p\u00e1r hodin posmrk\u00e1vat, ne\u017e u\u017e se t\u0159eba z\u00a0dovolen\u00e9 nevr\u00e1tit.                                                                                                                                                                                                                                                                                                                                                                                        4.2\/5 - (9 votes)        "},{"@context":"https:\/\/schema.org\/","@type":"BreadcrumbList","itemListElement":[{"@type":"ListItem","position":1,"name":"Cesty kon\u010d\u00ed v\u0161elijak","item":"https:\/\/www.fuerte.cz\/cesty-konci-vselijak\/#breadcrumbitem"}]}]